{"id":3491,"date":"2021-06-11T12:15:57","date_gmt":"2021-06-11T09:15:57","guid":{"rendered":"https:\/\/korfezdokum.com\/2021\/06\/11\/cementurk-news\/"},"modified":"2021-06-11T12:49:18","modified_gmt":"2021-06-11T09:49:18","slug":"cementurk-news","status":"publish","type":"post","link":"https:\/\/www.korfezdokum.com\/fr\/2021\/06\/11\/cementurk-news\/","title":{"rendered":"CemenT\u00fcrk News"},"content":{"rendered":"<div  class=\"ui--tagline-box-wrapper ui--animation clearfix\"><div  id=\"tagline-1\" class=\"ui--tagline-box ui-row clearfix ui--tagline-box-custom-color radius-3px\" data-responsive=\"{&quot;css&quot;:{&quot;min-height&quot;:{&quot;phone&quot;:&quot;auto&quot;,&quot;tablet&quot;:&quot;auto&quot;,&quot;widescreen&quot;:&quot;&quot;}}}\"><div  class=\"ui--tagline-background-container ui--tagline-background-overlay radius-3px\"><\/div><div  class=\"ui--tagline-background-container ui--tagline-background-image radius-3px\"><\/div><div  class=\"ui--tagline-content\"><div class=\"auto-format ui--animation\"><h6 style=\"font-size:19px; color:#333333;\"><strong>K\u00d6RFEZ D\u00d6K\u00dcM 2021 \u0130HRACAT HEDEFLER\u0130N\u0130 ARTTIRDI\u2026<\/strong><\/p>\n<p>\u00c7imento, enerji ve madencilik sekt\u00f6rleri i\u00e7in y\u00fcksek ala\u015f\u0131ml\u0131 \u00e7elik d\u00f6k\u00fcm \u00fcretimi yapan K\u00f6rfez D\u00f6k\u00fcm, \u00fcretiminin %85\u2019ini ba\u015fta Avrupa olmak \u00fczere d\u00fcnyan\u0131n farkl\u0131 \u00fclkelerine ihra\u00e7 etmeye devam ediyor.<\/p>\n<p>K\u00f6rfez D\u00f6k\u00fcm Genel M\u00fcd\u00fcr\u00fc \u00c7a\u011fda\u015f Alan; Dilovas\u0131\u2019nda bulunan tesislerinden farkl\u0131 co\u011frafyalara ihracat yapman\u0131n ve ihracat yapt\u0131klar\u0131 \u00fclke ve m\u00fc\u015fteri say\u0131s\u0131n\u0131 artt\u0131rman\u0131n gururunu ya\u015fad\u0131klar\u0131n\u0131 belirtti. 2021 y\u0131l\u0131nda da ihracat yapt\u0131klar\u0131 \u00fclke say\u0131s\u0131n\u0131 artt\u0131rmay\u0131 hedeflediklerini belirten Alan, tesislerinde kapasite art\u0131r\u0131m\u0131na gittiklerini s\u00f6yledi.<\/p>\n<p>Alan, d\u00fcnyan\u0131n i\u00e7inden ge\u00e7ti\u011fi bu zor d\u00f6nemi, i\u015fletmelerinin ve \u00fclkemizin en az kay\u0131pla atlatacaklar\u0131na inand\u0131\u011f\u0131n\u0131 s\u00f6yledi. Ayr\u0131ca Alan, bulunduklar\u0131 sekt\u00f6r\u00fcn dinamiklerini g\u00f6z \u00f6n\u00fcnde bulundurarak \u00f6zellikle bilgi teknolojilerine yat\u0131r\u0131mlar\u0131na devam ettiklerini, verdikleri pek \u00e7ok hizmeti \u00e7evrimi\u00e7i olarak desteklediklerini ve bu sayede seyahat k\u0131s\u0131tlamas\u0131 oldu\u011fu durumlarda bile m\u00fc\u015fterilerinin ihtiya\u00e7lar\u0131n\u0131 kar\u015f\u0131laman\u0131n mutlulu\u011funu ya\u015fad\u0131klar\u0131n\u0131 ve her zaman, her ko\u015fulda m\u00fc\u015fteri memnuniyetini t\u00fcm s\u00fcre\u00e7lerinin oda\u011f\u0131na koyduklar\u0131n\u0131; bu sebeple ba\u015far\u0131 sa\u011flad\u0131klar\u0131n\u0131 belirtti.<\/p>\n<p>T\u00fcm sekt\u00f6rlerde oldu\u011fu gibi demir \u00e7elik sekt\u00f6r\u00fcnde de; geli\u015fimin s\u00fcrekli olmas\u0131 gerekti\u011finin alt\u0131n\u0131 \u00e7izen Alan, tesislerini end\u00fcstri 4.0 do\u011frultusunda geli\u015ftirdiklerini ve alan\u0131nda uzman kadrolar\u0131n\u0131n geli\u015fimini s\u00fcrd\u00fcrmek i\u00e7in yenilik\u00e7i e\u011fitimlerle insan kayna\u011f\u0131na yat\u0131r\u0131m yaparak dinamik bir i\u015f ortam\u0131 olu\u015fturduklar\u0131n\u0131 belirtti.<\/p>\n<p>K\u00f6rfez D\u00f6k\u00fcm; 2020 y\u0131l\u0131nda, Rusya, Afrika, Amerika ve Uzak Do\u011fu pazarlar\u0131na da a\u011f\u0131rl\u0131k vererek ihracat yapt\u0131\u011f\u0131 m\u00fc\u015fteri say\u0131s\u0131n\u0131 400\u2019e \u00e7\u0131kard\u0131. \u015eirketin Avrupa\u2019da bulunan m\u00fchendislik merkezi, d\u00fcnyan\u0131n farkl\u0131 yerlerinde bulunan ofisleri ve de kurdu\u011fu geni\u015f temsilcilik sistemi ile 5 k\u0131tada, 70 \u00fclkeye ihracat yapman\u0131n mutlulu\u011funu ta\u015f\u0131 yor. M\u00fc\u015fteri odakl\u0131 bak\u0131\u015f a\u00e7\u0131s\u0131yla K\u00f6rfez D\u00f6k\u00fcm, farkl\u0131 k\u0131talardaki m\u00fc\u015fterilerinin farkl\u0131la\u015fan ihtiya\u00e7lar\u0131na h\u0131zla cevap vermeyi ba\u015farmakta ve bu sayede m\u00fc\u015fterileri ile ili\u015fkilerini uzun s\u00fcreli bir bi\u00e7imde s\u00fcrd\u00fcrerek ihracat rakamlar\u0131n\u0131 her ge\u00e7en y\u0131l art\u0131rmakta.<\/p>\n<p>Y\u00fcksek teknolojili sistemleri, fabrikalar\u0131na entegre ederek 40.000\u2019den fazla t\u00fcrde \u00fcr\u00fcn \u00fcreten K\u00f6rfez D\u00f6k\u00fcm; \u00e7evik \u00fcretim sistemleri sayesinde, tesisinin \u00fcretim s\u00fcre\u00e7lerini m\u00fc\u015fterilerinin ihtiya\u00e7lar\u0131 do\u011frultusunda d\u00fczenleyebiliyor. 2019 y\u0131l\u0131nda kurulan \u0130\u015fleme Tesisi sayesinde m\u00fc\u015fterilerinin t\u00fcm ihtiya\u00e7lar\u0131n\u0131 Dilovas\u0131\u2019ndaki merkez tesisinden kar\u015f\u0131layan K\u00f6rfez D\u00f6k\u00fcm, bu sayede teslim s\u00fcrelerini k\u0131saltmakta ve m\u00fc\u015fteri memnuniyetini y\u00fcksek seviyelerde tutmay\u0131 ba\u015far\u0131yor. K\u00f6rfez D\u00f6k\u00fcm, t\u00fcm d\u00fcnyadaki m\u00fc\u015fterilerine ayn\u0131 zamanda m\u00fchendislik ve s\u00fcperviz\u00f6rl\u00fck, s\u00fcre\u00e7 kontrol ve optimizasyonu, ekipman iyile\u015ftirme ve yedek par\u00e7a tedariki gibi hizmetler de sunuyor. K\u00f6rfez D\u00f6k\u00fcm, bu hizmetleri d\u00fcnyan\u0131n farkl\u0131 yerlerinde bulunan m\u00fchendislik ofisleri ile de vererek, m\u00fc\u015fterilerine k\u0131sa s\u00fcrede \u00e7\u00f6z\u00fcm \u00f6nerilerinde bulunuyor. K\u00f6rfez D\u00f6k\u00fcm, bimetal par\u00e7a d\u00f6k\u00fcm, kompozit d\u00f6k\u00fcm ve savurma d\u00f6k\u00fcm gibi kulland\u0131\u011f\u0131 geli\u015fmi\u015f teknolojiler sayesinde rekabet g\u00fcc\u00fcn\u00fc g\u00fcnden g\u00fcne artt\u0131r\u0131yor.<\/p>\n<p>Ayn\u0131 zamanda \u00fcrettikleri \u00fcr\u00fcnlerin, kalite kontrol s\u00fcre\u00e7lerine b\u00fcy\u00fck \u00f6nem veren K\u00f6rfez D\u00f6k\u00fcm i\u00e7in kalite, son kontrolden \u00e7ok daha fazlas\u0131. Kalite s\u00fcre\u00e7lerini hammadde girdisi ile ba\u015flatmakta, \u00fcretim boyunca ve sevk sonras\u0131nda da devam ettirmektedir. K\u00f6rfez D\u00f6k\u00fcm ailesinin her \u00fcyesi kurumsal kalite anlay\u0131\u015f\u0131n\u0131 benimsemekte ve s\u00fcrd\u00fcr\u00fclebilir \u00e7evre politikalar\u0131na uygun y\u00fcksek kaliteli \u00e7\u00f6z\u00fcmler sunmaya \u00f6zen g\u00f6stermektedir.<\/p>\n<p><a href=\"http:\/\/cementurk.com.tr\/korfez-dokum-2021-ihracat-hedeflerini-arttirdi\/\" target=\"_blank\">http:\/\/cementurk.com.tr\/korfez-dokum-2021-ihracat-hedeflerini-arttirdi\/<\/a><br \/>\n<\/h6>\n<\/div><\/div><\/div><\/div>","protected":false},"excerpt":{"rendered":"<p>K\u00d6RFEZ D\u00d6K\u00dcM 2021 \u0130HRACAT HEDEFLER\u0130N\u0130 ARTTIRDI\u2026 \u00c7imento, enerji ve madencilik sekt\u00f6rleri i\u00e7in y\u00fcksek ala\u015f\u0131ml\u0131 \u00e7elik d\u00f6k\u00fcm \u00fcretimi yapan K\u00f6rfez D\u00f6k\u00fcm, \u00fcretiminin %85\u2019ini ba\u015fta Avrupa olmak \u00fczere d\u00fcnyan\u0131n farkl\u0131 \u00fclkelerine ihra\u00e7 etmeye devam ediyor. K\u00f6rfez D\u00f6k\u00fcm Genel M\u00fcd\u00fcr\u00fc \u00c7a\u011fda\u015f Alan; Dilovas\u0131\u2019nda bulunan tesislerinden farkl\u0131 co\u011frafyalara ihracat yapman\u0131n ve ihracat yapt\u0131klar\u0131 \u00fclke ve m\u00fc\u015fteri say\u0131s\u0131n\u0131 artt\u0131rman\u0131n gururunu [&hellip;]<\/p>\n","protected":false},"author":1,"featured_media":3518,"comment_status":"open","ping_status":"open","sticky":false,"template":"","format":"standard","meta":[],"categories":[62],"tags":[],"yoast_head":"<!-- This site is optimized with the Yoast SEO plugin v21.4 - https:\/\/yoast.com\/wordpress\/plugins\/seo\/ -->\n<title>CemenT\u00fcrk News &#187; Korfez Foundry<\/title>\n<meta name=\"robots\" content=\"index, follow, max-snippet:-1, max-image-preview:large, max-video-preview:-1\" \/>\n<link rel=\"canonical\" href=\"https:\/\/www.korfezdokum.com\/fr\/2021\/06\/11\/cementurk-news\/\" \/>\n<meta property=\"og:locale\" content=\"fr_FR\" \/>\n<meta property=\"og:type\" content=\"article\" \/>\n<meta property=\"og:title\" content=\"CemenT\u00fcrk News &#187; Korfez Foundry\" \/>\n<meta property=\"og:description\" content=\"K\u00d6RFEZ D\u00d6K\u00dcM 2021 \u0130HRACAT HEDEFLER\u0130N\u0130 ARTTIRDI\u2026 \u00c7imento, enerji ve madencilik sekt\u00f6rleri i\u00e7in y\u00fcksek ala\u015f\u0131ml\u0131 \u00e7elik d\u00f6k\u00fcm \u00fcretimi yapan K\u00f6rfez D\u00f6k\u00fcm, \u00fcretiminin %85\u2019ini ba\u015fta Avrupa olmak \u00fczere d\u00fcnyan\u0131n farkl\u0131 \u00fclkelerine ihra\u00e7 etmeye devam ediyor. K\u00f6rfez D\u00f6k\u00fcm Genel M\u00fcd\u00fcr\u00fc \u00c7a\u011fda\u015f Alan; Dilovas\u0131\u2019nda bulunan tesislerinden farkl\u0131 co\u011frafyalara ihracat yapman\u0131n ve ihracat yapt\u0131klar\u0131 \u00fclke ve m\u00fc\u015fteri say\u0131s\u0131n\u0131 artt\u0131rman\u0131n gururunu [&hellip;]\" \/>\n<meta property=\"og:url\" content=\"https:\/\/www.korfezdokum.com\/fr\/2021\/06\/11\/cementurk-news\/\" \/>\n<meta property=\"og:site_name\" content=\"Korfez Foundry\" \/>\n<meta property=\"article:published_time\" content=\"2021-06-11T09:15:57+00:00\" \/>\n<meta property=\"article:modified_time\" content=\"2021-06-11T09:49:18+00:00\" \/>\n<meta property=\"og:image\" content=\"https:\/\/www.korfezdokum.com\/wp-content\/uploads\/2021\/06\/mb_21-12-2020-14-13-53-scaled.jpg\" \/>\n\t<meta property=\"og:image:width\" content=\"2560\" \/>\n\t<meta property=\"og:image:height\" content=\"1707\" \/>\n\t<meta property=\"og:image:type\" content=\"image\/jpeg\" \/>\n<meta name=\"author\" content=\"Korfez Foundry\" \/>\n<meta name=\"twitter:card\" content=\"summary_large_image\" \/>\n<meta name=\"twitter:label1\" content=\"\u00c9crit par\" \/>\n\t<meta name=\"twitter:data1\" content=\"Korfez Foundry\" \/>\n<script type=\"application\/ld+json\" class=\"yoast-schema-graph\">{\"@context\":\"https:\/\/schema.org\",\"@graph\":[{\"@type\":\"Article\",\"@id\":\"https:\/\/www.korfezdokum.com\/fr\/2021\/06\/11\/cementurk-news\/#article\",\"isPartOf\":{\"@id\":\"https:\/\/www.korfezdokum.com\/fr\/2021\/06\/11\/cementurk-news\/\"},\"author\":{\"name\":\"Korfez Foundry\",\"@id\":\"https:\/\/www.korfezdokum.com\/fr\/#\/schema\/person\/7174e6b1a0e5da7519f6495277c94dea\"},\"headline\":\"CemenT\u00fcrk News\",\"datePublished\":\"2021-06-11T09:15:57+00:00\",\"dateModified\":\"2021-06-11T09:49:18+00:00\",\"mainEntityOfPage\":{\"@id\":\"https:\/\/www.korfezdokum.com\/fr\/2021\/06\/11\/cementurk-news\/\"},\"wordCount\":3,\"commentCount\":0,\"publisher\":{\"@id\":\"https:\/\/www.korfezdokum.com\/fr\/#organization\"},\"articleSection\":[\"Non classifi\u00e9(e)\"],\"inLanguage\":\"fr-FR\",\"potentialAction\":[{\"@type\":\"CommentAction\",\"name\":\"Comment\",\"target\":[\"https:\/\/www.korfezdokum.com\/fr\/2021\/06\/11\/cementurk-news\/#respond\"]}]},{\"@type\":\"WebPage\",\"@id\":\"https:\/\/www.korfezdokum.com\/fr\/2021\/06\/11\/cementurk-news\/\",\"url\":\"https:\/\/www.korfezdokum.com\/fr\/2021\/06\/11\/cementurk-news\/\",\"name\":\"CemenT\u00fcrk News &#187; Korfez Foundry\",\"isPartOf\":{\"@id\":\"https:\/\/www.korfezdokum.com\/fr\/#website\"},\"datePublished\":\"2021-06-11T09:15:57+00:00\",\"dateModified\":\"2021-06-11T09:49:18+00:00\",\"breadcrumb\":{\"@id\":\"https:\/\/www.korfezdokum.com\/fr\/2021\/06\/11\/cementurk-news\/#breadcrumb\"},\"inLanguage\":\"fr-FR\",\"potentialAction\":[{\"@type\":\"ReadAction\",\"target\":[\"https:\/\/www.korfezdokum.com\/fr\/2021\/06\/11\/cementurk-news\/\"]}]},{\"@type\":\"BreadcrumbList\",\"@id\":\"https:\/\/www.korfezdokum.com\/fr\/2021\/06\/11\/cementurk-news\/#breadcrumb\",\"itemListElement\":[{\"@type\":\"ListItem\",\"position\":1,\"name\":\"Home\",\"item\":\"https:\/\/www.korfezdokum.com\/fr\/\"},{\"@type\":\"ListItem\",\"position\":2,\"name\":\"CemenT\u00fcrk News\"}]},{\"@type\":\"WebSite\",\"@id\":\"https:\/\/www.korfezdokum.com\/fr\/#website\",\"url\":\"https:\/\/www.korfezdokum.com\/fr\/\",\"name\":\"Korfez Foundry\",\"description\":\"Your solution partner.\",\"publisher\":{\"@id\":\"https:\/\/www.korfezdokum.com\/fr\/#organization\"},\"potentialAction\":[{\"@type\":\"SearchAction\",\"target\":{\"@type\":\"EntryPoint\",\"urlTemplate\":\"https:\/\/www.korfezdokum.com\/fr\/?s={search_term_string}\"},\"query-input\":\"required name=search_term_string\"}],\"inLanguage\":\"fr-FR\"},{\"@type\":\"Organization\",\"@id\":\"https:\/\/www.korfezdokum.com\/fr\/#organization\",\"name\":\"K\u00f6rfez D\u00f6k\u00fcm San. ve Tic. A.\u015e.\",\"url\":\"https:\/\/www.korfezdokum.com\/fr\/\",\"logo\":{\"@type\":\"ImageObject\",\"inLanguage\":\"fr-FR\",\"@id\":\"https:\/\/www.korfezdokum.com\/fr\/#\/schema\/logo\/image\/\",\"url\":\"https:\/\/www.korfezdokum.com\/wp-content\/uploads\/2019\/12\/korfez_logo_web_header.png\",\"contentUrl\":\"https:\/\/www.korfezdokum.com\/wp-content\/uploads\/2019\/12\/korfez_logo_web_header.png\",\"width\":94,\"height\":105,\"caption\":\"K\u00f6rfez D\u00f6k\u00fcm San. ve Tic. A.\u015e.\"},\"image\":{\"@id\":\"https:\/\/www.korfezdokum.com\/fr\/#\/schema\/logo\/image\/\"},\"sameAs\":[\"https:\/\/www.linkedin.com\/company\/korfezdokum\"]},{\"@type\":\"Person\",\"@id\":\"https:\/\/www.korfezdokum.com\/fr\/#\/schema\/person\/7174e6b1a0e5da7519f6495277c94dea\",\"name\":\"Korfez Foundry\",\"image\":{\"@type\":\"ImageObject\",\"inLanguage\":\"fr-FR\",\"@id\":\"https:\/\/www.korfezdokum.com\/fr\/#\/schema\/person\/image\/\",\"url\":\"https:\/\/secure.gravatar.com\/avatar\/6bfe49275d105aba39fec9a8f278cce0?s=96&d=mm&r=g\",\"contentUrl\":\"https:\/\/secure.gravatar.com\/avatar\/6bfe49275d105aba39fec9a8f278cce0?s=96&d=mm&r=g\",\"caption\":\"Korfez Foundry\"}}]}<\/script>\n<!-- \/ Yoast SEO plugin. -->","yoast_head_json":{"title":"CemenT\u00fcrk News &#187; Korfez Foundry","robots":{"index":"index","follow":"follow","max-snippet":"max-snippet:-1","max-image-preview":"max-image-preview:large","max-video-preview":"max-video-preview:-1"},"canonical":"https:\/\/www.korfezdokum.com\/fr\/2021\/06\/11\/cementurk-news\/","og_locale":"fr_FR","og_type":"article","og_title":"CemenT\u00fcrk News &#187; Korfez Foundry","og_description":"K\u00d6RFEZ D\u00d6K\u00dcM 2021 \u0130HRACAT HEDEFLER\u0130N\u0130 ARTTIRDI\u2026 \u00c7imento, enerji ve madencilik sekt\u00f6rleri i\u00e7in y\u00fcksek ala\u015f\u0131ml\u0131 \u00e7elik d\u00f6k\u00fcm \u00fcretimi yapan K\u00f6rfez D\u00f6k\u00fcm, \u00fcretiminin %85\u2019ini ba\u015fta Avrupa olmak \u00fczere d\u00fcnyan\u0131n farkl\u0131 \u00fclkelerine ihra\u00e7 etmeye devam ediyor. K\u00f6rfez D\u00f6k\u00fcm Genel M\u00fcd\u00fcr\u00fc \u00c7a\u011fda\u015f Alan; Dilovas\u0131\u2019nda bulunan tesislerinden farkl\u0131 co\u011frafyalara ihracat yapman\u0131n ve ihracat yapt\u0131klar\u0131 \u00fclke ve m\u00fc\u015fteri say\u0131s\u0131n\u0131 artt\u0131rman\u0131n gururunu [&hellip;]","og_url":"https:\/\/www.korfezdokum.com\/fr\/2021\/06\/11\/cementurk-news\/","og_site_name":"Korfez Foundry","article_published_time":"2021-06-11T09:15:57+00:00","article_modified_time":"2021-06-11T09:49:18+00:00","og_image":[{"width":2560,"height":1707,"url":"https:\/\/www.korfezdokum.com\/wp-content\/uploads\/2021\/06\/mb_21-12-2020-14-13-53-scaled.jpg","type":"image\/jpeg"}],"author":"Korfez Foundry","twitter_card":"summary_large_image","twitter_misc":{"\u00c9crit par":"Korfez Foundry"},"schema":{"@context":"https:\/\/schema.org","@graph":[{"@type":"Article","@id":"https:\/\/www.korfezdokum.com\/fr\/2021\/06\/11\/cementurk-news\/#article","isPartOf":{"@id":"https:\/\/www.korfezdokum.com\/fr\/2021\/06\/11\/cementurk-news\/"},"author":{"name":"Korfez Foundry","@id":"https:\/\/www.korfezdokum.com\/fr\/#\/schema\/person\/7174e6b1a0e5da7519f6495277c94dea"},"headline":"CemenT\u00fcrk News","datePublished":"2021-06-11T09:15:57+00:00","dateModified":"2021-06-11T09:49:18+00:00","mainEntityOfPage":{"@id":"https:\/\/www.korfezdokum.com\/fr\/2021\/06\/11\/cementurk-news\/"},"wordCount":3,"commentCount":0,"publisher":{"@id":"https:\/\/www.korfezdokum.com\/fr\/#organization"},"articleSection":["Non classifi\u00e9(e)"],"inLanguage":"fr-FR","potentialAction":[{"@type":"CommentAction","name":"Comment","target":["https:\/\/www.korfezdokum.com\/fr\/2021\/06\/11\/cementurk-news\/#respond"]}]},{"@type":"WebPage","@id":"https:\/\/www.korfezdokum.com\/fr\/2021\/06\/11\/cementurk-news\/","url":"https:\/\/www.korfezdokum.com\/fr\/2021\/06\/11\/cementurk-news\/","name":"CemenT\u00fcrk News &#187; Korfez Foundry","isPartOf":{"@id":"https:\/\/www.korfezdokum.com\/fr\/#website"},"datePublished":"2021-06-11T09:15:57+00:00","dateModified":"2021-06-11T09:49:18+00:00","breadcrumb":{"@id":"https:\/\/www.korfezdokum.com\/fr\/2021\/06\/11\/cementurk-news\/#breadcrumb"},"inLanguage":"fr-FR","potentialAction":[{"@type":"ReadAction","target":["https:\/\/www.korfezdokum.com\/fr\/2021\/06\/11\/cementurk-news\/"]}]},{"@type":"BreadcrumbList","@id":"https:\/\/www.korfezdokum.com\/fr\/2021\/06\/11\/cementurk-news\/#breadcrumb","itemListElement":[{"@type":"ListItem","position":1,"name":"Home","item":"https:\/\/www.korfezdokum.com\/fr\/"},{"@type":"ListItem","position":2,"name":"CemenT\u00fcrk News"}]},{"@type":"WebSite","@id":"https:\/\/www.korfezdokum.com\/fr\/#website","url":"https:\/\/www.korfezdokum.com\/fr\/","name":"Korfez Foundry","description":"Your solution partner.","publisher":{"@id":"https:\/\/www.korfezdokum.com\/fr\/#organization"},"potentialAction":[{"@type":"SearchAction","target":{"@type":"EntryPoint","urlTemplate":"https:\/\/www.korfezdokum.com\/fr\/?s={search_term_string}"},"query-input":"required name=search_term_string"}],"inLanguage":"fr-FR"},{"@type":"Organization","@id":"https:\/\/www.korfezdokum.com\/fr\/#organization","name":"K\u00f6rfez D\u00f6k\u00fcm San. ve Tic. A.\u015e.","url":"https:\/\/www.korfezdokum.com\/fr\/","logo":{"@type":"ImageObject","inLanguage":"fr-FR","@id":"https:\/\/www.korfezdokum.com\/fr\/#\/schema\/logo\/image\/","url":"https:\/\/www.korfezdokum.com\/wp-content\/uploads\/2019\/12\/korfez_logo_web_header.png","contentUrl":"https:\/\/www.korfezdokum.com\/wp-content\/uploads\/2019\/12\/korfez_logo_web_header.png","width":94,"height":105,"caption":"K\u00f6rfez D\u00f6k\u00fcm San. ve Tic. A.\u015e."},"image":{"@id":"https:\/\/www.korfezdokum.com\/fr\/#\/schema\/logo\/image\/"},"sameAs":["https:\/\/www.linkedin.com\/company\/korfezdokum"]},{"@type":"Person","@id":"https:\/\/www.korfezdokum.com\/fr\/#\/schema\/person\/7174e6b1a0e5da7519f6495277c94dea","name":"Korfez Foundry","image":{"@type":"ImageObject","inLanguage":"fr-FR","@id":"https:\/\/www.korfezdokum.com\/fr\/#\/schema\/person\/image\/","url":"https:\/\/secure.gravatar.com\/avatar\/6bfe49275d105aba39fec9a8f278cce0?s=96&d=mm&r=g","contentUrl":"https:\/\/secure.gravatar.com\/avatar\/6bfe49275d105aba39fec9a8f278cce0?s=96&d=mm&r=g","caption":"Korfez Foundry"}}]}},"_links":{"self":[{"href":"https:\/\/www.korfezdokum.com\/fr\/wp-json\/wp\/v2\/posts\/3491"}],"collection":[{"href":"https:\/\/www.korfezdokum.com\/fr\/wp-json\/wp\/v2\/posts"}],"about":[{"href":"https:\/\/www.korfezdokum.com\/fr\/wp-json\/wp\/v2\/types\/post"}],"author":[{"embeddable":true,"href":"https:\/\/www.korfezdokum.com\/fr\/wp-json\/wp\/v2\/users\/1"}],"replies":[{"embeddable":true,"href":"https:\/\/www.korfezdokum.com\/fr\/wp-json\/wp\/v2\/comments?post=3491"}],"version-history":[{"count":1,"href":"https:\/\/www.korfezdokum.com\/fr\/wp-json\/wp\/v2\/posts\/3491\/revisions"}],"predecessor-version":[{"id":3530,"href":"https:\/\/www.korfezdokum.com\/fr\/wp-json\/wp\/v2\/posts\/3491\/revisions\/3530"}],"wp:featuredmedia":[{"embeddable":true,"href":"https:\/\/www.korfezdokum.com\/fr\/wp-json\/wp\/v2\/media\/3518"}],"wp:attachment":[{"href":"https:\/\/www.korfezdokum.com\/fr\/wp-json\/wp\/v2\/media?parent=3491"}],"wp:term":[{"taxonomy":"category","embeddable":true,"href":"https:\/\/www.korfezdokum.com\/fr\/wp-json\/wp\/v2\/categories?post=3491"},{"taxonomy":"post_tag","embeddable":true,"href":"https:\/\/www.korfezdokum.com\/fr\/wp-json\/wp\/v2\/tags?post=3491"}],"curies":[{"name":"wp","href":"https:\/\/api.w.org\/{rel}","templated":true}]}}